{"id":2,"__str__":"Parecer n\u00ba 4/2021 por Membros da Comiss\u00e3o","link_detail_backend":"/comissao/documentoacessorio/2","metadata":{},"nome":"Parecer n\u00ba 4/2021","data":"2021-09-16","autor":"Membros da Comiss\u00e3o","ementa":"Aprecia\u00e7\u00e3o do PL n\u00ba 12/2021 e Emenda Modificativa n\u00ba 1/2021.","indexacao":"","arquivo":"http://sapl.olivedos.pb.leg.br/media/sapl/public/documentoacessorio/2/anexo/parecer_004_2021.pdf","data_ultima_atualizacao":"2021-09-17T16:55:48.858090-03:00","reuniao":3}