{"id":1,"__str__":"Parecer n\u00ba 3/2021 por Membros da Comiss\u00e3o","link_detail_backend":"/comissao/documentoacessorio/1","metadata":{},"nome":"Parecer n\u00ba 3/2021","data":"2021-08-20","autor":"Membros da Comiss\u00e3o","ementa":"Aprecia\u00e7\u00e3o da Presta\u00e7\u00e3o de Contas Anual do Munic\u00edpio de Olivedos, exerc\u00edcio 2019.","indexacao":"","arquivo":"http://sapl.olivedos.pb.leg.br/media/sapl/public/documentoacessorio/1/anexo/parecer_003_2021.pdf","data_ultima_atualizacao":"2021-08-26T14:40:32.328416-03:00","reuniao":2}